
			
				

					
				

			
		{"items":"\n\t\t\t\t\t\t\t\t\t\t\t\n<article id=\"post-9947\" class=\"wd-post blog-design-meta-image blog-post-loop blog-style-flat wd-col post-9947 post type-post status-publish format-standard has-post-thumbnail hentry category-interview-chef\">\n\t\n\t<div class=\"wd-post-thumb color-scheme-light\">\n\t\t\t\t\t<div class=\"wd-post-img\">\n\t\t\t\t<img width=\"600\" height=\"600\" src=\"https:\/\/spice-france.com\/wp-content\/uploads\/2023\/09\/Bernard-Roques-au-petit-chavignol.jpg\" class=\"attachment-large size-large\" alt=\"\" decoding=\"async\" fetchpriority=\"high\" srcset=\"https:\/\/spice-france.com\/wp-content\/uploads\/2023\/09\/Bernard-Roques-au-petit-chavignol.jpg 600w, https:\/\/spice-france.com\/wp-content\/uploads\/2023\/09\/Bernard-Roques-au-petit-chavignol-300x300.jpg 300w, https:\/\/spice-france.com\/wp-content\/uploads\/2023\/09\/Bernard-Roques-au-petit-chavignol-150x150.jpg 150w, https:\/\/spice-france.com\/wp-content\/uploads\/2023\/09\/Bernard-Roques-au-petit-chavignol-430x430.jpg 430w\" sizes=\"(max-width: 600px) 100vw, 600px\" \/>\t\t\t<\/div>\n\t\t\n\t\t\t\t<a class=\"wd-post-link wd-fill\" href=\"https:\/\/spice-france.com\/bernard-roques-chef-au-petit-chavignol-restaurant-de-terroir-paris-17e-interview\/\" rel=\"bookmark\" aria-label=\"Link on post Bernard Roques, chef Au Petit Chavignol &#8211; restaurant de terroir Paris 17e\"><\/a>\n\n\t\t\t\t\t<div class=\"wd-post-header\">\n\t\t\t\t<div class=\"wd-meta-author\">\n\t\t\t\t\t\t\t\n\t\t\t\t\t<img alt='author-avatar' src='https:\/\/secure.gravatar.com\/avatar\/16902a3191013ae51f6ae79e4fd817e542645857289f2979860bed6bf932d7a4?s=32&#038;d=mm&#038;r=g' srcset='https:\/\/secure.gravatar.com\/avatar\/16902a3191013ae51f6ae79e4fd817e542645857289f2979860bed6bf932d7a4?s=64&#038;d=mm&#038;r=g 2x' class='avatar avatar-32 photo' height='32' width='32' decoding='async'\/>\t\t\n\t\t<a href=\"https:\/\/spice-france.com\/author\/marketing\/\" class=\"author\" rel=\"author\">Rachyd Hamza<\/a>\n\t\t\t\t\t\t<\/div>\n\n\t\t\t\t<div class=\"wd-post-actions\">\n\t\t\t\t\t\t\t\t\t\t\t<div class=\"wd-post-share wd-tltp\">\n\t\t\t\t\t\t\t<div class=\"tooltip top\">\n\t\t\t\t\t\t\t\t<div class=\"tooltip-inner\">\n\t\t\t\t\t\t\t\t\t\t\t\t<link rel=\"stylesheet\" id=\"wd-social-icons-css\" href=\"https:\/\/spice-france.com\/wp-content\/themes\/woodmart\/css\/parts\/el-social-icons.min.css?ver=8.1.2\" type=\"text\/css\" media=\"all\" \/> \t\t\t\t\t\t<div id=\"\" class=\" wd-social-icons  wd-style-default wd-size-small social-share wd-shape-circle color-scheme-light text-center\">\n\t\t\t\t\n\t\t\t\t\n\t\t\t\t\t\t\t\t\t<a rel=\"noopener noreferrer nofollow\" href=\"https:\/\/www.facebook.com\/sharer\/sharer.php?u=https:\/\/spice-france.com\/category\/interview-chef\/\" target=\"_blank\" class=\" wd-social-icon social-facebook\" aria-label=\"Facebook social link\">\n\t\t\t\t\t\t<span class=\"wd-icon\"><\/span>\n\t\t\t\t\t\t\t\t\t\t\t<\/a>\n\t\t\t\t\n\t\t\t\t\t\t\t\t\t<a rel=\"noopener noreferrer nofollow\" href=\"https:\/\/x.com\/share?url=https:\/\/spice-france.com\/category\/interview-chef\/\" target=\"_blank\" class=\" wd-social-icon social-twitter\" aria-label=\"X social link\">\n\t\t\t\t\t\t<span class=\"wd-icon\"><\/span>\n\t\t\t\t\t\t\t\t\t\t\t<\/a>\n\t\t\t\t\n\t\t\t\t\n\t\t\t\t\n\t\t\t\t\n\t\t\t\t\n\t\t\t\t\n\t\t\t\t\n\t\t\t\t\n\t\t\t\t\t\t\t\t\t<a rel=\"noopener noreferrer nofollow\" href=\"https:\/\/www.linkedin.com\/shareArticle?mini=true&url=https:\/\/spice-france.com\/category\/interview-chef\/\" target=\"_blank\" class=\" wd-social-icon social-linkedin\" aria-label=\"Linkedin social link\">\n\t\t\t\t\t\t<span class=\"wd-icon\"><\/span>\n\t\t\t\t\t\t\t\t\t\t\t<\/a>\n\t\t\t\t\n\t\t\t\t\n\t\t\t\t\n\t\t\t\t\n\t\t\t\t\n\t\t\t\t\n\t\t\t\t\n\t\t\t\t\n\t\t\t\t\n\t\t\t\t\n\t\t\t\t\t\t\t\t\t<a rel=\"noopener noreferrer nofollow\" href=\"https:\/\/api.whatsapp.com\/send?text=https%3A%2F%2Fspice-france.com%2Fcategory%2Finterview-chef%2F\" target=\"_blank\" class=\"wd-hide-md  wd-social-icon social-whatsapp\" aria-label=\"WhatsApp social link\">\n\t\t\t\t\t\t<span class=\"wd-icon\"><\/span>\n\t\t\t\t\t\t\t\t\t\t\t<\/a>\n\n\t\t\t\t\t<a rel=\"noopener noreferrer nofollow\" href=\"whatsapp:\/\/send?text=https%3A%2F%2Fspice-france.com%2Fcategory%2Finterview-chef%2F\" target=\"_blank\" class=\"wd-hide-lg  wd-social-icon social-whatsapp\" aria-label=\"WhatsApp social link\">\n\t\t\t\t\t\t<span class=\"wd-icon\"><\/span>\n\t\t\t\t\t\t\t\t\t\t\t<\/a>\n\t\t\t\t\n\t\t\t\t\n\t\t\t\t\n\t\t\t\t\n\t\t\t\t\n\t\t\t\t\n\t\t\t\t\n\t\t\t\t\n\t\t\t<\/div>\n\n\t\t\t\t\t\t\t\t\t\t<\/div>\n\t\t\t\t\t\t\t\t<div class=\"tooltip-arrow\"><\/div>\n\t\t\t\t\t\t\t<\/div>\n\t\t\t\t\t\t<\/div>\n\t\t\t\t\t\n\t\t\t\t\t\t\t\t\t\t\t<div class=\"wd-meta-reply\">\n\t\t\t\t\t\t\t<a href=\"https:\/\/spice-france.com\/bernard-roques-chef-au-petit-chavignol-restaurant-de-terroir-paris-17e-interview\/#respond\"><span class=\"replies-count\">0<\/span> <span class=\"replies-count-label\">comments<\/span><\/a>\t\t\t\t\t\t<\/div>\n\t\t\t\t\t\t\t\t\t<\/div>\n\t\t\t<\/div>\n\t\t\t<\/div>\n\n\t<div class=\"wd-post-content\">\n\t\t<div class=\"wd-post-entry-meta\">\n\t\t\t\n\t\t\t\t\t\t\t<div class=\"wd-post-cat wd-style-default\">\n\t\t\t\t\t<a href=\"https:\/\/spice-france.com\/category\/interview-chef\/\" rel=\"category tag\">INTERVIEW CHEF<\/a>\t\t\t\t<\/div>\n\t\t\t\n\t\t\t\t\t\t\t<div class=\"wd-modified-date\">\n\t\t\t\t\t\t\t<time class=\"updated\" datetime=\"2023-09-06T07:32:44+00:00\">\n\t\t\tseptembre 6, 2023\t\t<\/time>\n\t\t\t\t\t\t<\/div>\n\n\t\t\t\t<div class=\"wd-meta-date\">\n\t\t\t\t\t06 Mar 2023\t\t\t\t<\/div>\n\t\t\t\t\t<\/div>\n\n\t\t\t\t\t<h3 class=\"wd-entities-title title post-title\">\n\t\t\t\t<a href=\"https:\/\/spice-france.com\/bernard-roques-chef-au-petit-chavignol-restaurant-de-terroir-paris-17e-interview\/\" rel=\"bookmark\">\n\t\t\t\t\tBernard Roques, chef Au Petit Chavignol &#8211; restaurant de terroir Paris 17e\t\t\t\t<\/a>\n\t\t\t<\/h3>\n\t\t\n\t\t\t\t\t<div class=\"wd-post-desc\">\n\t\t\t\t\t\t\t\t\tSPICE vous invite \u00e0 d\u00e9couvrir une adresse unique, \u00e0 Paris, rue de Tocqueville dans le 17\u00e8me&nbsp;arr...\t\t\t\t\t\t\t<\/div>\n\t\t\n\t\t\t\t\t\t\t\t\t\t<div class=\"wd-read-more\">\n\t\t\t\t\t\t<a class=\"btn-read-more more-link\" href=\"https:\/\/spice-france.com\/bernard-roques-chef-au-petit-chavignol-restaurant-de-terroir-paris-17e-interview\/\">Voir plus :<\/a>\t\t\t\t\t<\/div>\n\t\t\t\t\t\t\t<\/div>\n\n\t<\/article>\n\t\t\t\t\t\t\t\t\t\t\t\n<article id=\"post-9952\" class=\"wd-post blog-design-meta-image blog-post-loop blog-style-flat wd-col post-9952 post type-post status-publish format-standard has-post-thumbnail hentry category-interview-chef\">\n\t\n\t<div class=\"wd-post-thumb color-scheme-light\">\n\t\t\t\t\t<div class=\"wd-post-img\">\n\t\t\t\t<img width=\"600\" height=\"600\" src=\"https:\/\/spice-france.com\/wp-content\/uploads\/2023\/09\/interview-Xavier-Borges-insead-spice.jpg\" class=\"attachment-large size-large\" alt=\"\" decoding=\"async\" srcset=\"https:\/\/spice-france.com\/wp-content\/uploads\/2023\/09\/interview-Xavier-Borges-insead-spice.jpg 600w, https:\/\/spice-france.com\/wp-content\/uploads\/2023\/09\/interview-Xavier-Borges-insead-spice-300x300.jpg 300w, https:\/\/spice-france.com\/wp-content\/uploads\/2023\/09\/interview-Xavier-Borges-insead-spice-150x150.jpg 150w, https:\/\/spice-france.com\/wp-content\/uploads\/2023\/09\/interview-Xavier-Borges-insead-spice-430x430.jpg 430w\" sizes=\"(max-width: 600px) 100vw, 600px\" \/>\t\t\t<\/div>\n\t\t\n\t\t\t\t<a class=\"wd-post-link wd-fill\" href=\"https:\/\/spice-france.com\/interview-de-xavier-borges-chef-de-la-restauration-de-linsead-a-fontainebleau\/\" rel=\"bookmark\" aria-label=\"Link on post Interview de Xavier Borges, chef de la restauration de l&rsquo;INSEAD \u00e0 Fontainebleau\"><\/a>\n\n\t\t\t\t\t<div class=\"wd-post-header\">\n\t\t\t\t<div class=\"wd-meta-author\">\n\t\t\t\t\t\t\t\n\t\t\t\t\t<img alt='author-avatar' src='https:\/\/secure.gravatar.com\/avatar\/16902a3191013ae51f6ae79e4fd817e542645857289f2979860bed6bf932d7a4?s=32&#038;d=mm&#038;r=g' srcset='https:\/\/secure.gravatar.com\/avatar\/16902a3191013ae51f6ae79e4fd817e542645857289f2979860bed6bf932d7a4?s=64&#038;d=mm&#038;r=g 2x' class='avatar avatar-32 photo' height='32' width='32' loading='lazy' decoding='async'\/>\t\t\n\t\t<a href=\"https:\/\/spice-france.com\/author\/marketing\/\" class=\"author\" rel=\"author\">Rachyd Hamza<\/a>\n\t\t\t\t\t\t<\/div>\n\n\t\t\t\t<div class=\"wd-post-actions\">\n\t\t\t\t\t\t\t\t\t\t\t<div class=\"wd-post-share wd-tltp\">\n\t\t\t\t\t\t\t<div class=\"tooltip top\">\n\t\t\t\t\t\t\t\t<div class=\"tooltip-inner\">\n\t\t\t\t\t\t\t\t\t\t\t\t<div id=\"\" class=\" wd-social-icons  wd-style-default wd-size-small social-share wd-shape-circle color-scheme-light text-center\">\n\t\t\t\t\n\t\t\t\t\n\t\t\t\t\t\t\t\t\t<a rel=\"noopener noreferrer nofollow\" href=\"https:\/\/www.facebook.com\/sharer\/sharer.php?u=https:\/\/spice-france.com\/category\/interview-chef\/\" target=\"_blank\" class=\" wd-social-icon social-facebook\" aria-label=\"Facebook social link\">\n\t\t\t\t\t\t<span class=\"wd-icon\"><\/span>\n\t\t\t\t\t\t\t\t\t\t\t<\/a>\n\t\t\t\t\n\t\t\t\t\t\t\t\t\t<a rel=\"noopener noreferrer nofollow\" href=\"https:\/\/x.com\/share?url=https:\/\/spice-france.com\/category\/interview-chef\/\" target=\"_blank\" class=\" wd-social-icon social-twitter\" aria-label=\"X social link\">\n\t\t\t\t\t\t<span class=\"wd-icon\"><\/span>\n\t\t\t\t\t\t\t\t\t\t\t<\/a>\n\t\t\t\t\n\t\t\t\t\n\t\t\t\t\n\t\t\t\t\n\t\t\t\t\n\t\t\t\t\n\t\t\t\t\n\t\t\t\t\n\t\t\t\t\t\t\t\t\t<a rel=\"noopener noreferrer nofollow\" href=\"https:\/\/www.linkedin.com\/shareArticle?mini=true&url=https:\/\/spice-france.com\/category\/interview-chef\/\" target=\"_blank\" class=\" wd-social-icon social-linkedin\" aria-label=\"Linkedin social link\">\n\t\t\t\t\t\t<span class=\"wd-icon\"><\/span>\n\t\t\t\t\t\t\t\t\t\t\t<\/a>\n\t\t\t\t\n\t\t\t\t\n\t\t\t\t\n\t\t\t\t\n\t\t\t\t\n\t\t\t\t\n\t\t\t\t\n\t\t\t\t\n\t\t\t\t\n\t\t\t\t\n\t\t\t\t\t\t\t\t\t<a rel=\"noopener noreferrer nofollow\" href=\"https:\/\/api.whatsapp.com\/send?text=https%3A%2F%2Fspice-france.com%2Fcategory%2Finterview-chef%2F\" target=\"_blank\" class=\"wd-hide-md  wd-social-icon social-whatsapp\" aria-label=\"WhatsApp social link\">\n\t\t\t\t\t\t<span class=\"wd-icon\"><\/span>\n\t\t\t\t\t\t\t\t\t\t\t<\/a>\n\n\t\t\t\t\t<a rel=\"noopener noreferrer nofollow\" href=\"whatsapp:\/\/send?text=https%3A%2F%2Fspice-france.com%2Fcategory%2Finterview-chef%2F\" target=\"_blank\" class=\"wd-hide-lg  wd-social-icon social-whatsapp\" aria-label=\"WhatsApp social link\">\n\t\t\t\t\t\t<span class=\"wd-icon\"><\/span>\n\t\t\t\t\t\t\t\t\t\t\t<\/a>\n\t\t\t\t\n\t\t\t\t\n\t\t\t\t\n\t\t\t\t\n\t\t\t\t\n\t\t\t\t\n\t\t\t\t\n\t\t\t\t\n\t\t\t<\/div>\n\n\t\t\t\t\t\t\t\t\t\t<\/div>\n\t\t\t\t\t\t\t\t<div class=\"tooltip-arrow\"><\/div>\n\t\t\t\t\t\t\t<\/div>\n\t\t\t\t\t\t<\/div>\n\t\t\t\t\t\n\t\t\t\t\t\t\t\t\t\t\t<div class=\"wd-meta-reply\">\n\t\t\t\t\t\t\t<a href=\"https:\/\/spice-france.com\/interview-de-xavier-borges-chef-de-la-restauration-de-linsead-a-fontainebleau\/#respond\"><span class=\"replies-count\">0<\/span> <span class=\"replies-count-label\">comments<\/span><\/a>\t\t\t\t\t\t<\/div>\n\t\t\t\t\t\t\t\t\t<\/div>\n\t\t\t<\/div>\n\t\t\t<\/div>\n\n\t<div class=\"wd-post-content\">\n\t\t<div class=\"wd-post-entry-meta\">\n\t\t\t\n\t\t\t\t\t\t\t<div class=\"wd-post-cat wd-style-default\">\n\t\t\t\t\t<a href=\"https:\/\/spice-france.com\/category\/interview-chef\/\" rel=\"category tag\">INTERVIEW CHEF<\/a>\t\t\t\t<\/div>\n\t\t\t\n\t\t\t\t\t\t\t<div class=\"wd-modified-date\">\n\t\t\t\t\t\t\t<time class=\"updated\" datetime=\"2023-09-06T07:44:25+00:00\">\n\t\t\tseptembre 6, 2023\t\t<\/time>\n\t\t\t\t\t\t<\/div>\n\n\t\t\t\t<div class=\"wd-meta-date\">\n\t\t\t\t\t17 Nov 2022\t\t\t\t<\/div>\n\t\t\t\t\t<\/div>\n\n\t\t\t\t\t<h3 class=\"wd-entities-title title post-title\">\n\t\t\t\t<a href=\"https:\/\/spice-france.com\/interview-de-xavier-borges-chef-de-la-restauration-de-linsead-a-fontainebleau\/\" rel=\"bookmark\">\n\t\t\t\t\tInterview de Xavier Borges, chef de la restauration de l&rsquo;INSEAD \u00e0 Fontainebleau\t\t\t\t<\/a>\n\t\t\t<\/h3>\n\t\t\n\t\t\t\t\t<div class=\"wd-post-desc\">\n\t\t\t\t\t\t\t\t\tPortrait de Xavier BORGES, chef \u00e0 l\u2019Insead \u00e0 Fontainebleau\n\n\n\nXavier Borg\u00e8s s\u2019occupe de la restaurat...\t\t\t\t\t\t\t<\/div>\n\t\t\n\t\t\t\t\t\t\t\t\t\t<div class=\"wd-read-more\">\n\t\t\t\t\t\t<a class=\"btn-read-more more-link\" href=\"https:\/\/spice-france.com\/interview-de-xavier-borges-chef-de-la-restauration-de-linsead-a-fontainebleau\/\">Voir plus :<\/a>\t\t\t\t\t<\/div>\n\t\t\t\t\t\t\t<\/div>\n\n\t<\/article>\n\t\t\t\t\t\t\t\t\t\t\t\n<article id=\"post-9589\" class=\"wd-post blog-design-meta-image blog-post-loop blog-style-flat wd-col post-9589 post type-post status-publish format-standard has-post-thumbnail hentry category-interview-chef\">\n\t\n\t<div class=\"wd-post-thumb color-scheme-light\">\n\t\t\t\t\t<div class=\"wd-post-img\">\n\t\t\t\t<img width=\"800\" height=\"800\" src=\"https:\/\/spice-france.com\/wp-content\/uploads\/2023\/08\/chef-Pihilippe-MILLE-en-cuisine-min-1-800x800.jpg\" class=\"attachment-large size-large\" alt=\"\" decoding=\"async\" loading=\"lazy\" srcset=\"https:\/\/spice-france.com\/wp-content\/uploads\/2023\/08\/chef-Pihilippe-MILLE-en-cuisine-min-1-800x800.jpg 800w, https:\/\/spice-france.com\/wp-content\/uploads\/2023\/08\/chef-Pihilippe-MILLE-en-cuisine-min-1-300x300.jpg 300w, https:\/\/spice-france.com\/wp-content\/uploads\/2023\/08\/chef-Pihilippe-MILLE-en-cuisine-min-1-150x150.jpg 150w, https:\/\/spice-france.com\/wp-content\/uploads\/2023\/08\/chef-Pihilippe-MILLE-en-cuisine-min-1-768x768.jpg 768w, https:\/\/spice-france.com\/wp-content\/uploads\/2023\/08\/chef-Pihilippe-MILLE-en-cuisine-min-1-1536x1536.jpg 1536w, https:\/\/spice-france.com\/wp-content\/uploads\/2023\/08\/chef-Pihilippe-MILLE-en-cuisine-min-1-2048x2048.jpg 2048w, https:\/\/spice-france.com\/wp-content\/uploads\/2023\/08\/chef-Pihilippe-MILLE-en-cuisine-min-1-860x860.jpg 860w, https:\/\/spice-france.com\/wp-content\/uploads\/2023\/08\/chef-Pihilippe-MILLE-en-cuisine-min-1-430x430.jpg 430w, https:\/\/spice-france.com\/wp-content\/uploads\/2023\/08\/chef-Pihilippe-MILLE-en-cuisine-min-1-700x700.jpg 700w\" sizes=\"auto, (max-width: 800px) 100vw, 800px\" \/>\t\t\t<\/div>\n\t\t\n\t\t\t\t<a class=\"wd-post-link wd-fill\" href=\"https:\/\/spice-france.com\/le-chef-jean-marc-notelet-et-les-epices-spice-une-symphonie-culinaire-inoubliable\/\" rel=\"bookmark\" aria-label=\"Link on post Le Chef Philippe Mille et les \u00c9pices SPICE : Une Symphonie Culinaire Inoubliable.\"><\/a>\n\n\t\t\t\t\t<div class=\"wd-post-header\">\n\t\t\t\t<div class=\"wd-meta-author\">\n\t\t\t\t\t\t\t\n\t\t\t\t\t<img alt='author-avatar' src='https:\/\/secure.gravatar.com\/avatar\/16902a3191013ae51f6ae79e4fd817e542645857289f2979860bed6bf932d7a4?s=32&#038;d=mm&#038;r=g' srcset='https:\/\/secure.gravatar.com\/avatar\/16902a3191013ae51f6ae79e4fd817e542645857289f2979860bed6bf932d7a4?s=64&#038;d=mm&#038;r=g 2x' class='avatar avatar-32 photo' height='32' width='32' loading='lazy' decoding='async'\/>\t\t\n\t\t<a href=\"https:\/\/spice-france.com\/author\/marketing\/\" class=\"author\" rel=\"author\">Rachyd Hamza<\/a>\n\t\t\t\t\t\t<\/div>\n\n\t\t\t\t<div class=\"wd-post-actions\">\n\t\t\t\t\t\t\t\t\t\t\t<div class=\"wd-post-share wd-tltp\">\n\t\t\t\t\t\t\t<div class=\"tooltip top\">\n\t\t\t\t\t\t\t\t<div class=\"tooltip-inner\">\n\t\t\t\t\t\t\t\t\t\t\t\t<div id=\"\" class=\" wd-social-icons  wd-style-default wd-size-small social-share wd-shape-circle color-scheme-light text-center\">\n\t\t\t\t\n\t\t\t\t\n\t\t\t\t\t\t\t\t\t<a rel=\"noopener noreferrer nofollow\" href=\"https:\/\/www.facebook.com\/sharer\/sharer.php?u=https:\/\/spice-france.com\/category\/interview-chef\/\" target=\"_blank\" class=\" wd-social-icon social-facebook\" aria-label=\"Facebook social link\">\n\t\t\t\t\t\t<span class=\"wd-icon\"><\/span>\n\t\t\t\t\t\t\t\t\t\t\t<\/a>\n\t\t\t\t\n\t\t\t\t\t\t\t\t\t<a rel=\"noopener noreferrer nofollow\" href=\"https:\/\/x.com\/share?url=https:\/\/spice-france.com\/category\/interview-chef\/\" target=\"_blank\" class=\" wd-social-icon social-twitter\" aria-label=\"X social link\">\n\t\t\t\t\t\t<span class=\"wd-icon\"><\/span>\n\t\t\t\t\t\t\t\t\t\t\t<\/a>\n\t\t\t\t\n\t\t\t\t\n\t\t\t\t\n\t\t\t\t\n\t\t\t\t\n\t\t\t\t\n\t\t\t\t\n\t\t\t\t\n\t\t\t\t\t\t\t\t\t<a rel=\"noopener noreferrer nofollow\" href=\"https:\/\/www.linkedin.com\/shareArticle?mini=true&url=https:\/\/spice-france.com\/category\/interview-chef\/\" target=\"_blank\" class=\" wd-social-icon social-linkedin\" aria-label=\"Linkedin social link\">\n\t\t\t\t\t\t<span class=\"wd-icon\"><\/span>\n\t\t\t\t\t\t\t\t\t\t\t<\/a>\n\t\t\t\t\n\t\t\t\t\n\t\t\t\t\n\t\t\t\t\n\t\t\t\t\n\t\t\t\t\n\t\t\t\t\n\t\t\t\t\n\t\t\t\t\n\t\t\t\t\n\t\t\t\t\t\t\t\t\t<a rel=\"noopener noreferrer nofollow\" href=\"https:\/\/api.whatsapp.com\/send?text=https%3A%2F%2Fspice-france.com%2Fcategory%2Finterview-chef%2F\" target=\"_blank\" class=\"wd-hide-md  wd-social-icon social-whatsapp\" aria-label=\"WhatsApp social link\">\n\t\t\t\t\t\t<span class=\"wd-icon\"><\/span>\n\t\t\t\t\t\t\t\t\t\t\t<\/a>\n\n\t\t\t\t\t<a rel=\"noopener noreferrer nofollow\" href=\"whatsapp:\/\/send?text=https%3A%2F%2Fspice-france.com%2Fcategory%2Finterview-chef%2F\" target=\"_blank\" class=\"wd-hide-lg  wd-social-icon social-whatsapp\" aria-label=\"WhatsApp social link\">\n\t\t\t\t\t\t<span class=\"wd-icon\"><\/span>\n\t\t\t\t\t\t\t\t\t\t\t<\/a>\n\t\t\t\t\n\t\t\t\t\n\t\t\t\t\n\t\t\t\t\n\t\t\t\t\n\t\t\t\t\n\t\t\t\t\n\t\t\t\t\n\t\t\t<\/div>\n\n\t\t\t\t\t\t\t\t\t\t<\/div>\n\t\t\t\t\t\t\t\t<div class=\"tooltip-arrow\"><\/div>\n\t\t\t\t\t\t\t<\/div>\n\t\t\t\t\t\t<\/div>\n\t\t\t\t\t\n\t\t\t\t\t\t\t\t\t\t\t<div class=\"wd-meta-reply\">\n\t\t\t\t\t\t\t<a href=\"https:\/\/spice-france.com\/le-chef-jean-marc-notelet-et-les-epices-spice-une-symphonie-culinaire-inoubliable\/#respond\"><span class=\"replies-count\">0<\/span> <span class=\"replies-count-label\">comments<\/span><\/a>\t\t\t\t\t\t<\/div>\n\t\t\t\t\t\t\t\t\t<\/div>\n\t\t\t<\/div>\n\t\t\t<\/div>\n\n\t<div class=\"wd-post-content\">\n\t\t<div class=\"wd-post-entry-meta\">\n\t\t\t\n\t\t\t\t\t\t\t<div class=\"wd-post-cat wd-style-default\">\n\t\t\t\t\t<a href=\"https:\/\/spice-france.com\/category\/interview-chef\/\" rel=\"category tag\">INTERVIEW CHEF<\/a>\t\t\t\t<\/div>\n\t\t\t\n\t\t\t\t\t\t\t<div class=\"wd-modified-date\">\n\t\t\t\t\t\t\t<time class=\"updated\" datetime=\"2023-08-30T12:57:32+00:00\">\n\t\t\tao\u00fbt 30, 2023\t\t<\/time>\n\t\t\t\t\t\t<\/div>\n\n\t\t\t\t<div class=\"wd-meta-date\">\n\t\t\t\t\t12 Nov 2022\t\t\t\t<\/div>\n\t\t\t\t\t<\/div>\n\n\t\t\t\t\t<h3 class=\"wd-entities-title title post-title\">\n\t\t\t\t<a href=\"https:\/\/spice-france.com\/le-chef-jean-marc-notelet-et-les-epices-spice-une-symphonie-culinaire-inoubliable\/\" rel=\"bookmark\">\n\t\t\t\t\tLe Chef Philippe Mille et les \u00c9pices SPICE : Une Symphonie Culinaire Inoubliable.\t\t\t\t<\/a>\n\t\t\t<\/h3>\n\t\t\n\t\t\t\t\t<div class=\"wd-post-desc\">\n\t\t\t\t\t\t\t\t\tConnaissez-vous le chef Philippe MILLE qui office au sein de l\u2019\u00e9tablissement Les Cray\u00e8res \u00e0 Reims ? ...\t\t\t\t\t\t\t<\/div>\n\t\t\n\t\t\t\t\t\t\t\t\t\t<div class=\"wd-read-more\">\n\t\t\t\t\t\t<a class=\"btn-read-more more-link\" href=\"https:\/\/spice-france.com\/le-chef-jean-marc-notelet-et-les-epices-spice-une-symphonie-culinaire-inoubliable\/\">Voir plus :<\/a>\t\t\t\t\t<\/div>\n\t\t\t\t\t\t\t<\/div>\n\n\t<\/article>\n\t\t\t\t\t\t\t\t\t\t\t\n<article id=\"post-9583\" class=\"wd-post blog-design-meta-image blog-post-loop blog-style-flat wd-col post-9583 post type-post status-publish format-standard has-post-thumbnail hentry category-interview-chef\">\n\t\n\t<div class=\"wd-post-thumb color-scheme-light\">\n\t\t\t\t\t<div class=\"wd-post-img\">\n\t\t\t\t<img width=\"800\" height=\"800\" src=\"https:\/\/spice-france.com\/wp-content\/uploads\/2023\/08\/Credit-Cecile-Chabert-1-800x800.jpg\" class=\"attachment-large size-large\" alt=\"\" decoding=\"async\" loading=\"lazy\" srcset=\"https:\/\/spice-france.com\/wp-content\/uploads\/2023\/08\/Credit-Cecile-Chabert-1-800x800.jpg 800w, https:\/\/spice-france.com\/wp-content\/uploads\/2023\/08\/Credit-Cecile-Chabert-1-300x300.jpg 300w, https:\/\/spice-france.com\/wp-content\/uploads\/2023\/08\/Credit-Cecile-Chabert-1-150x150.jpg 150w, https:\/\/spice-france.com\/wp-content\/uploads\/2023\/08\/Credit-Cecile-Chabert-1-768x768.jpg 768w, https:\/\/spice-france.com\/wp-content\/uploads\/2023\/08\/Credit-Cecile-Chabert-1-860x860.jpg 860w, https:\/\/spice-france.com\/wp-content\/uploads\/2023\/08\/Credit-Cecile-Chabert-1-430x430.jpg 430w, https:\/\/spice-france.com\/wp-content\/uploads\/2023\/08\/Credit-Cecile-Chabert-1-700x700.jpg 700w, https:\/\/spice-france.com\/wp-content\/uploads\/2023\/08\/Credit-Cecile-Chabert-1.jpg 1002w\" sizes=\"auto, (max-width: 800px) 100vw, 800px\" \/>\t\t\t<\/div>\n\t\t\n\t\t\t\t<a class=\"wd-post-link wd-fill\" href=\"https:\/\/spice-france.com\/chef-jean-marc-notelet-du-restaurant-caius-maitre-des-saveurs-avec-les-poivres-et-epices-spice\/\" rel=\"bookmark\" aria-label=\"Link on post Chef Jean-Marc Notelet du Restaurant Ca\u00efus : Ma\u00eetre des Saveurs avec les Poivres et \u00c9pices SPICE !\"><\/a>\n\n\t\t\t\t\t<div class=\"wd-post-header\">\n\t\t\t\t<div class=\"wd-meta-author\">\n\t\t\t\t\t\t\t\n\t\t\t\t\t<img alt='author-avatar' src='https:\/\/secure.gravatar.com\/avatar\/16902a3191013ae51f6ae79e4fd817e542645857289f2979860bed6bf932d7a4?s=32&#038;d=mm&#038;r=g' srcset='https:\/\/secure.gravatar.com\/avatar\/16902a3191013ae51f6ae79e4fd817e542645857289f2979860bed6bf932d7a4?s=64&#038;d=mm&#038;r=g 2x' class='avatar avatar-32 photo' height='32' width='32' loading='lazy' decoding='async'\/>\t\t\n\t\t<a href=\"https:\/\/spice-france.com\/author\/marketing\/\" class=\"author\" rel=\"author\">Rachyd Hamza<\/a>\n\t\t\t\t\t\t<\/div>\n\n\t\t\t\t<div class=\"wd-post-actions\">\n\t\t\t\t\t\t\t\t\t\t\t<div class=\"wd-post-share wd-tltp\">\n\t\t\t\t\t\t\t<div class=\"tooltip top\">\n\t\t\t\t\t\t\t\t<div class=\"tooltip-inner\">\n\t\t\t\t\t\t\t\t\t\t\t\t<div id=\"\" class=\" wd-social-icons  wd-style-default wd-size-small social-share wd-shape-circle color-scheme-light text-center\">\n\t\t\t\t\n\t\t\t\t\n\t\t\t\t\t\t\t\t\t<a rel=\"noopener noreferrer nofollow\" href=\"https:\/\/www.facebook.com\/sharer\/sharer.php?u=https:\/\/spice-france.com\/category\/interview-chef\/\" target=\"_blank\" class=\" wd-social-icon social-facebook\" aria-label=\"Facebook social link\">\n\t\t\t\t\t\t<span class=\"wd-icon\"><\/span>\n\t\t\t\t\t\t\t\t\t\t\t<\/a>\n\t\t\t\t\n\t\t\t\t\t\t\t\t\t<a rel=\"noopener noreferrer nofollow\" href=\"https:\/\/x.com\/share?url=https:\/\/spice-france.com\/category\/interview-chef\/\" target=\"_blank\" class=\" wd-social-icon social-twitter\" aria-label=\"X social link\">\n\t\t\t\t\t\t<span class=\"wd-icon\"><\/span>\n\t\t\t\t\t\t\t\t\t\t\t<\/a>\n\t\t\t\t\n\t\t\t\t\n\t\t\t\t\n\t\t\t\t\n\t\t\t\t\n\t\t\t\t\n\t\t\t\t\n\t\t\t\t\n\t\t\t\t\t\t\t\t\t<a rel=\"noopener noreferrer nofollow\" href=\"https:\/\/www.linkedin.com\/shareArticle?mini=true&url=https:\/\/spice-france.com\/category\/interview-chef\/\" target=\"_blank\" class=\" wd-social-icon social-linkedin\" aria-label=\"Linkedin social link\">\n\t\t\t\t\t\t<span class=\"wd-icon\"><\/span>\n\t\t\t\t\t\t\t\t\t\t\t<\/a>\n\t\t\t\t\n\t\t\t\t\n\t\t\t\t\n\t\t\t\t\n\t\t\t\t\n\t\t\t\t\n\t\t\t\t\n\t\t\t\t\n\t\t\t\t\n\t\t\t\t\n\t\t\t\t\t\t\t\t\t<a rel=\"noopener noreferrer nofollow\" href=\"https:\/\/api.whatsapp.com\/send?text=https%3A%2F%2Fspice-france.com%2Fcategory%2Finterview-chef%2F\" target=\"_blank\" class=\"wd-hide-md  wd-social-icon social-whatsapp\" aria-label=\"WhatsApp social link\">\n\t\t\t\t\t\t<span class=\"wd-icon\"><\/span>\n\t\t\t\t\t\t\t\t\t\t\t<\/a>\n\n\t\t\t\t\t<a rel=\"noopener noreferrer nofollow\" href=\"whatsapp:\/\/send?text=https%3A%2F%2Fspice-france.com%2Fcategory%2Finterview-chef%2F\" target=\"_blank\" class=\"wd-hide-lg  wd-social-icon social-whatsapp\" aria-label=\"WhatsApp social link\">\n\t\t\t\t\t\t<span class=\"wd-icon\"><\/span>\n\t\t\t\t\t\t\t\t\t\t\t<\/a>\n\t\t\t\t\n\t\t\t\t\n\t\t\t\t\n\t\t\t\t\n\t\t\t\t\n\t\t\t\t\n\t\t\t\t\n\t\t\t\t\n\t\t\t<\/div>\n\n\t\t\t\t\t\t\t\t\t\t<\/div>\n\t\t\t\t\t\t\t\t<div class=\"tooltip-arrow\"><\/div>\n\t\t\t\t\t\t\t<\/div>\n\t\t\t\t\t\t<\/div>\n\t\t\t\t\t\n\t\t\t\t\t\t\t\t\t\t\t<div class=\"wd-meta-reply\">\n\t\t\t\t\t\t\t<a href=\"https:\/\/spice-france.com\/chef-jean-marc-notelet-du-restaurant-caius-maitre-des-saveurs-avec-les-poivres-et-epices-spice\/#respond\"><span class=\"replies-count\">0<\/span> <span class=\"replies-count-label\">comments<\/span><\/a>\t\t\t\t\t\t<\/div>\n\t\t\t\t\t\t\t\t\t<\/div>\n\t\t\t<\/div>\n\t\t\t<\/div>\n\n\t<div class=\"wd-post-content\">\n\t\t<div class=\"wd-post-entry-meta\">\n\t\t\t\n\t\t\t\t\t\t\t<div class=\"wd-post-cat wd-style-default\">\n\t\t\t\t\t<a href=\"https:\/\/spice-france.com\/category\/interview-chef\/\" rel=\"category tag\">INTERVIEW CHEF<\/a>\t\t\t\t<\/div>\n\t\t\t\n\t\t\t\t\t\t\t<div class=\"wd-modified-date\">\n\t\t\t\t\t\t\t<time class=\"updated\" datetime=\"2023-08-27T14:10:16+00:00\">\n\t\t\tao\u00fbt 27, 2023\t\t<\/time>\n\t\t\t\t\t\t<\/div>\n\n\t\t\t\t<div class=\"wd-meta-date\">\n\t\t\t\t\t27 Oct 2022\t\t\t\t<\/div>\n\t\t\t\t\t<\/div>\n\n\t\t\t\t\t<h3 class=\"wd-entities-title title post-title\">\n\t\t\t\t<a href=\"https:\/\/spice-france.com\/chef-jean-marc-notelet-du-restaurant-caius-maitre-des-saveurs-avec-les-poivres-et-epices-spice\/\" rel=\"bookmark\">\n\t\t\t\t\tChef Jean-Marc Notelet du Restaurant Ca\u00efus : Ma\u00eetre des Saveurs avec les Poivres et \u00c9pices SPICE !\t\t\t\t<\/a>\n\t\t\t<\/h3>\n\t\t\n\t\t\t\t\t<div class=\"wd-post-desc\">\n\t\t\t\t\t\t\t\t\tConnaissez-vous le restaurant Ca\u00efus et son chef Jean-Marc Notelet ? Grand amateur des poivres et \u00e9pi...\t\t\t\t\t\t\t<\/div>\n\t\t\n\t\t\t\t\t\t\t\t\t\t<div class=\"wd-read-more\">\n\t\t\t\t\t\t<a class=\"btn-read-more more-link\" href=\"https:\/\/spice-france.com\/chef-jean-marc-notelet-du-restaurant-caius-maitre-des-saveurs-avec-les-poivres-et-epices-spice\/\">Voir plus :<\/a>\t\t\t\t\t<\/div>\n\t\t\t\t\t\t\t<\/div>\n\n\t<\/article>\n\t\t\t\t\t\n\t\t\t\t\t","status":"no-more-posts","nextPage":"?woo_ajax=1","currentPage":"https:\/\/spice-france.com\/category\/interview-chef\/page\/2"}